{"id":57,"date":"2016-10-15T14:17:23","date_gmt":"2016-10-15T12:17:23","guid":{"rendered":"https:\/\/konyvmento.wordpress.com\/?p=57"},"modified":"2019-07-09T14:48:08","modified_gmt":"2019-07-09T12:48:08","slug":"idezettsegi-mutato-impakt-faktor","status":"publish","type":"post","link":"https:\/\/minerva.mtak.hu\/?p=57","title":{"rendered":"Id\u00e9zetts\u00e9gi mutat\u00f3: impakt faktor"},"content":{"rendered":"<h3 id=\"top\" style=\"text-align: justify;\"><a href=\"#mitmutat\">Mit mutat meg az impakt faktor?<\/a><\/h3>\n<h3 style=\"text-align: justify;\"><a href=\"#holkeres\">Hol kereshet\u0151 az impakt faktor?<\/a><\/h3>\n<h3 style=\"text-align: justify;\"><a href=\"http:\/\/minerva.mtak.hu\/wp-content\/uploads\/2016\/11\/impactfactorhun2015.pdf\" target=\"_blank\" rel=\"noopener noreferrer\">2015-ben impakt faktort kapott magyar foly\u00f3iratok<\/a><\/h3>\n<hr \/>\n<h2 id=\"mitmutat\" style=\"text-align: justify;\"><strong><em>Mit mutat meg az impakt faktor?<\/em><\/strong><\/h2>\n<p style=\"text-align: justify;\">A foly\u00f3iratok impakt faktora annak a m\u00e9rt\u00e9ke, hogy milyen gyakran id\u00e9zik a t\u00e1rgy\u00e9vben a foly\u00f3iratnak a megel\u0151z\u0151 k\u00e9t \u00e9vben megjelent \u201c\u00e1tlagos cikk\u00e9t\u201d. Az<a href=\"https:\/\/web.archive.org\/web\/20160323052959\/http:\/minerva.mtak.hu\/?s=impakt&amp;post_type=wiki\"> impakt faktor<\/a> seg\u00edt meg\u00edt\u00e9lni a foly\u00f3iratok relat\u00edv fontoss\u00e1g\u00e1t, k\u00fcl\u00f6n\u00f6sen az ugyanazon szakter\u00fcleten m\u0171k\u00f6d\u0151 t\u00f6bbi foly\u00f3irat k\u00f6z\u00f6tt.<\/p>\n<p style=\"text-align: justify;\"><strong>Az impakt faktort \u00fagy sz\u00e1m\u00edtjuk ki, hogy a foly\u00f3irat el\u0151z\u0151 k\u00e9t \u00e9vben publik\u00e1lt cikkeire a t\u00e1rgy\u00e9vben kapott id\u00e9zetek sz\u00e1m\u00e1t elosztjuk a foly\u00f3iratban az el\u0151z\u0151 k\u00e9t \u00e9vben publik\u00e1lt cikkek sz\u00e1m\u00e1val.<\/strong><\/p>\n<p style=\"text-align: justify;\">Az impakt faktort nemcsak a foly\u00f3iratok rangsorol\u00e1s\u00e1ra alkalmazz\u00e1k, hanem t\u00f6bb tudom\u00e1nyos int\u00e9zetn\u00e9l, p\u00e1ly\u00e1zatok elb\u00edr\u00e1l\u00e1s\u00e1n\u00e1l is figyelembe veszik a kutat\u00f3k egy\u00e9ni tudom\u00e1nyos \u00e9rt\u00e9km\u00e9r\u0151jek\u00e9nt. Ezt a publik\u00e1ci\u00f3s strat\u00e9gia kialak\u00edt\u00e1s\u00e1n\u00e1l \u00e9rdemes figyelembe venni.<\/p>\n<p style=\"text-align: justify;\"><a href=\"#top\">^<\/a><\/p>\n<h2 id=\"holkeres\" style=\"text-align: justify;\"><strong><em>Hol kereshet\u0151 az impakt faktor?<\/em><\/strong><\/h2>\n<p style=\"text-align: justify;\">A foly\u00f3iratok 2007-2010-es impakt faktora elektronikusan kereshet\u0151 a <a href=\"http:\/apps.webofknowledge.com\/\" target=\"_blank\" rel=\"noopener noreferrer\">Web of Knowledge<\/a> adatb\u00e1zison kereszt\u00fcl el\u00e9rhet\u0151 <a href=\"http:\/admin-router.webofknowledge.com\/?DestApp=JCR\">JCR adatb\u00e1zisban<\/a><\/p>\n<p style=\"text-align: justify;\"><a href=\"https:\/\/www.youtube.com\/watch?v=MVWpYzKCVrs\" target=\"_blank\" rel=\"noopener noreferrer\">Videobemutat\u00f3 az impakt faktor online kikeres\u00e9s\u00e9r\u0151l<\/a><\/p>\n<p style=\"text-align: justify;\">A megel\u0151z\u0151 \u00e9vek impakt faktor list\u00e1i kinyomtatva rendelkez\u00e9sre \u00e1llnak a MTA K\u00f6nyvt\u00e1ra foly\u00f3iratt\u00e1r\u00e1ban:<\/p>\n<ul>\n<li style=\"text-align: justify;\">JCR Science Edition: 1975-2009-ig<\/li>\n<li style=\"text-align: justify;\">JCR Social Sciences Edition: 1977-2009-ig.<\/li>\n<\/ul>\n<p style=\"text-align: justify;\">Az impakt faktor \u00e9rt\u00e9kek szolg\u00e1ltat\u00e1sa <a href=\"http:\/\/konyvtar.mta.hu\/index.php?name=h_2_1_5\" target=\"_blank\" rel=\"noopener noreferrer\">meg is rendelhet\u0151 az MTA K\u00f6nyvt\u00e1r \u00e9s inform\u00e1ci\u00f3s K\u00f6zpontban<\/a>.<\/p>\n<p style=\"text-align: justify;\"><a href=\"#top\">^<\/a><\/p>\n","protected":false},"excerpt":{"rendered":"<p>Mit mutat meg az impakt faktor? Hol kereshet\u0151 az impakt faktor? 2015-ben impakt faktort kapott magyar foly\u00f3iratok Mit mutat meg&#8230;<\/p>\n","protected":false},"author":3,"featured_media":671,"comment_status":"closed","ping_status":"closed","sticky":false,"template":"","format":"standard","meta":{"footnotes":""},"categories":[8],"tags":[],"aioseo_notices":[],"jetpack_featured_media_url":"https:\/\/i0.wp.com\/minerva.mtak.hu\/wp-content\/uploads\/2018\/09\/PicsArt_07-09-02.42.08.jpg?fit=600%2C212&ssl=1","jetpack_sharing_enabled":true,"jetpack_shortlink":"https:\/\/wp.me\/pb70B2-V","_links":{"self":[{"href":"https:\/\/minerva.mtak.hu\/index.php?rest_route=\/wp\/v2\/posts\/57"}],"collection":[{"href":"https:\/\/minerva.mtak.hu\/index.php?rest_route=\/wp\/v2\/posts"}],"about":[{"href":"https:\/\/minerva.mtak.hu\/index.php?rest_route=\/wp\/v2\/types\/post"}],"author":[{"embeddable":true,"href":"https:\/\/minerva.mtak.hu\/index.php?rest_route=\/wp\/v2\/users\/3"}],"replies":[{"embeddable":true,"href":"https:\/\/minerva.mtak.hu\/index.php?rest_route=%2Fwp%2Fv2%2Fcomments&post=57"}],"version-history":[{"count":12,"href":"https:\/\/minerva.mtak.hu\/index.php?rest_route=\/wp\/v2\/posts\/57\/revisions"}],"predecessor-version":[{"id":660,"href":"https:\/\/minerva.mtak.hu\/index.php?rest_route=\/wp\/v2\/posts\/57\/revisions\/660"}],"wp:featuredmedia":[{"embeddable":true,"href":"https:\/\/minerva.mtak.hu\/index.php?rest_route=\/wp\/v2\/media\/671"}],"wp:attachment":[{"href":"https:\/\/minerva.mtak.hu\/index.php?rest_route=%2Fwp%2Fv2%2Fmedia&parent=57"}],"wp:term":[{"taxonomy":"category","embeddable":true,"href":"https:\/\/minerva.mtak.hu\/index.php?rest_route=%2Fwp%2Fv2%2Fcategories&post=57"},{"taxonomy":"post_tag","embeddable":true,"href":"https:\/\/minerva.mtak.hu\/index.php?rest_route=%2Fwp%2Fv2%2Ftags&post=57"}],"curies":[{"name":"wp","href":"https:\/\/api.w.org\/{rel}","templated":true}]}}